{"id":17998,"date":"2025-08-19T16:29:56","date_gmt":"2025-08-19T14:29:56","guid":{"rendered":"https:\/\/www.logisticssthlm.se\/?p=17998"},"modified":"2026-04-16T16:31:45","modified_gmt":"2026-04-16T14:31:45","slug":"motesplatsen-for-logistik-innovation","status":"publish","type":"post","link":"https:\/\/www.logisticssthlm.se\/sv\/2025\/08\/19\/motesplatsen-for-logistik-innovation\/","title":{"rendered":"M\u00f6tesplatsen f\u00f6r logistik &#038; innovation\u200b"},"content":{"rendered":"\t\t<div data-elementor-type=\"wp-post\" data-elementor-id=\"17998\" class=\"elementor elementor-17998\" data-elementor-post-type=\"post\">\n\t\t\t\t\t\t<section class=\"elementor-section elementor-top-section elementor-element elementor-element-1b77fcc4 elementor-section-boxed elementor-section-height-default elementor-section-height-default\" data-id=\"1b77fcc4\" data-element_type=\"section\" data-settings=\"{&quot;background_background&quot;:&quot;classic&quot;}\">\n\t\t\t\t\t\t\t<div class=\"elementor-background-overlay\"><\/div>\n\t\t\t\t\t\t\t<div class=\"elementor-container elementor-column-gap-default\">\n\t\t\t\t\t<div class=\"elementor-column elementor-col-100 elementor-top-column elementor-element elementor-element-66ab64e2\" data-id=\"66ab64e2\" data-element_type=\"column\">\n\t\t\t<div class=\"elementor-widget-wrap\">\n\t\t\t\t\t\t\t<\/div>\n\t\t<\/div>\n\t\t\t\t\t<\/div>\n\t\t<\/section>\n\t\t\t\t<section class=\"elementor-section elementor-top-section elementor-element elementor-element-212abe5c elementor-section-boxed elementor-section-height-default elementor-section-height-default\" data-id=\"212abe5c\" data-element_type=\"section\">\n\t\t\t\t\t\t<div class=\"elementor-container elementor-column-gap-default\">\n\t\t\t\t\t<div class=\"elementor-column elementor-col-66 elementor-top-column elementor-element elementor-element-61fd721c\" data-id=\"61fd721c\" data-element_type=\"column\" data-settings=\"{&quot;background_background&quot;:&quot;classic&quot;}\">\n\t\t\t<div class=\"elementor-widget-wrap elementor-element-populated\">\n\t\t\t\t\t\t<div class=\"elementor-element elementor-element-40c69db3 elementor-widget elementor-widget-image\" data-id=\"40c69db3\" data-element_type=\"widget\" data-widget_type=\"image.default\">\n\t\t\t\t<div class=\"elementor-widget-container\">\n\t\t\t\t\t\t\t\t\t\t\t\t\t\t\t<img fetchpriority=\"high\" decoding=\"async\" width=\"800\" height=\"450\" src=\"https:\/\/easyfairsassets.com\/sites\/134\/2025\/08\/Strossle-2-1024x576.png\" class=\"attachment-large size-large wp-image-18013\" alt=\"Strossle blanda bild 2\" srcset=\"https:\/\/easyfairsassets.com\/sites\/134\/2025\/08\/Strossle-2-1024x576.png 1024w, https:\/\/easyfairsassets.com\/sites\/134\/2025\/08\/Strossle-2-300x169.png 300w, https:\/\/easyfairsassets.com\/sites\/134\/2025\/08\/Strossle-2-768x432.png 768w, https:\/\/easyfairsassets.com\/sites\/134\/2025\/08\/Strossle-2-1536x864.png 1536w, https:\/\/easyfairsassets.com\/sites\/134\/2025\/08\/Strossle-2.png 1920w\" sizes=\"(max-width: 800px) 100vw, 800px\" \/>\t\t\t\t\t\t\t\t\t\t\t\t\t\t\t<\/div>\n\t\t\t\t<\/div>\n\t\t\t\t<div class=\"elementor-element elementor-element-1e0b3667 elementor-widget elementor-widget-heading\" data-id=\"1e0b3667\" data-element_type=\"widget\" data-widget_type=\"heading.default\">\n\t\t\t\t<div class=\"elementor-widget-container\">\n\t\t\t\t\t<h2 class=\"elementor-heading-title elementor-size-default\">Logistics &amp; Automation Stockholm 1-2 oktober 2025<\/h2>\t\t\t\t<\/div>\n\t\t\t\t<\/div>\n\t\t\t\t<div class=\"elementor-element elementor-element-1fa0baf3 elementor-widget__width-initial elementor-widget elementor-widget-heading\" data-id=\"1fa0baf3\" data-element_type=\"widget\" data-widget_type=\"heading.default\">\n\t\t\t\t<div class=\"elementor-widget-container\">\n\t\t\t\t\t<h1 class=\"elementor-heading-title elementor-size-default\">M\u00f6tesplatsen f\u00f6r logistik &amp; innovation<\/h1>\t\t\t\t<\/div>\n\t\t\t\t<\/div>\n\t\t\t\t<div class=\"elementor-element elementor-element-5d5ad019 elementor-widget__width-initial elementor-widget elementor-widget-text-editor\" data-id=\"5d5ad019\" data-element_type=\"widget\" data-widget_type=\"text-editor.default\">\n\t\t\t\t<div class=\"elementor-widget-container\">\n\t\t\t\t\t\t\t\t\t<p><span data-contrast=\"auto\">Med n\u00e4rmare 100 utst\u00e4llare och de senaste innovationerna \u00e4r Logistics &amp; Automation och Empack Stockholm tillbaka den 1\u20132 oktober 2025 p\u00e5 Kistam\u00e4ssan. M\u00f6tesplatsen f\u00f6r logistik- och automationsbranschen, h\u00e4r samlar vi marknadens ledande akt\u00f6rer och framtidens innovat\u00f6rer f\u00f6r att utforska branschtrender och skapa v\u00e4rdefulla aff\u00e4rskontakter.\u202f<\/span><span data-ccp-props=\"{}\">\u00a0<\/span><\/p><p><span data-contrast=\"auto\">Missa inte din chans \u2013 <a href=\"https:\/\/register.visitcloud.com\/survey\/0yd7efh2fsfkx\">s\u00e4kra din biljett nu!\u202f<\/a><\/span><span data-ccp-props=\"{}\">\u00a0<\/span><\/p><p><b><span data-contrast=\"auto\">Scenprogram<\/span><\/b><span data-contrast=\"auto\">\u202f<\/span>\u00a0<br \/><span data-contrast=\"auto\">P\u00e5 \u00e5rets scen m\u00f6ter du n\u00e5gra av de mest inflytelserika r\u00f6sterna inom logistik, som Leif Pagrotsky, tidigare n\u00e4rings- och handelsminister, Peter Hellman fr\u00e5n Svenska Handelskammaren, Niklas Borgquist fr\u00e5n Toyota, Stefan Karl\u00f6f med Supply Chain Talks och Joacim Bratt fr\u00e5n Randstad. Scenprogrammet bjuder p\u00e5 trender, konkreta l\u00f6sningar och inspiration som hj\u00e4lper dig ligga steget f\u00f6re, och lyfter branschens mest aktuella fr\u00e5gor \u2013 fr\u00e5n tullhantering och AI till maskininl\u00e4rning och automatisering i supply chain.\u202f<\/span>\u00a0<\/p><p><b><span data-contrast=\"auto\">Utst\u00e4llande f\u00f6retag <\/span><\/b>\u00a0<br \/><span data-contrast=\"auto\">P\u00e5 m\u00e4ssgolvet kommer bes\u00f6kare att kunna ta del av utst\u00e4llare ifr\u00e5n hela Europa. Bland utst\u00e4llarna finns Toyota Material Handling, Antalis, A-Safe, ABUS Kransystem, D-Flexx, Turck Vilant Systems med flera.<\/span><span data-ccp-props=\"{}\">\u00a0<\/span><\/p><p><b><span data-contrast=\"auto\">M\u00f6tesytor f\u00f6r samarbete och n\u00e4tverkande<\/span><\/b><span data-contrast=\"auto\">\u202f<\/span>\u00a0<br \/><span data-contrast=\"auto\">P\u00e5 Logistics &amp; Automation Stockholm m\u00f6ts id\u00e9er och aff\u00e4rer. V\u00e5ra moderna m\u00f6tesytor \u00e4r skapade f\u00f6r att ge dig b\u00e4sta m\u00f6jliga f\u00f6ruts\u00e4ttningar att n\u00e4tverka, knyta nya partnerskap och hitta innovativa l\u00f6sningar. H\u00e4r skapas samarbeten som driver b\u00e5de f\u00f6retag och branschen fram\u00e5t.\u202f<\/span><span data-ccp-props=\"{}\">\u00a0<\/span><\/p><p><b><span data-contrast=\"auto\">V\u00e4lkommen till Logistics &amp; Automation Stockholm 2025, d\u00e4r branschen samlas, aff\u00e4rer skapas och innovationer tar form. Vi ses d\u00e4r 1\u20132 oktober!<\/span><\/b><span data-contrast=\"auto\">\u202f<\/span><span data-ccp-props=\"{}\">\u00a0<\/span><\/p>\t\t\t\t\t\t\t\t<\/div>\n\t\t\t\t<\/div>\n\t\t\t\t<div class=\"elementor-element elementor-element-49c51052 elementor-align-left elementor-tablet-align-left elementor-mobile-align-left elementor-widget elementor-widget-button\" data-id=\"49c51052\" data-element_type=\"widget\" data-widget_type=\"button.default\">\n\t\t\t\t<div class=\"elementor-widget-container\">\n\t\t\t\t\t\t\t\t\t<div class=\"elementor-button-wrapper\">\n\t\t\t\t\t<a class=\"elementor-button elementor-button-link elementor-size-sm elementor-animation-grow\" href=\"https:\/\/register.visitcloud.com\/survey\/0yd7efh2fsfkx\">\n\t\t\t\t\t\t<span class=\"elementor-button-content-wrapper\">\n\t\t\t\t\t\t\t\t\t<span class=\"elementor-button-text\">Registrera dig gratis idag!<\/span>\n\t\t\t\t\t<\/span>\n\t\t\t\t\t<\/a>\n\t\t\t\t<\/div>\n\t\t\t\t\t\t\t\t<\/div>\n\t\t\t\t<\/div>\n\t\t\t\t<div class=\"elementor-element elementor-element-313bff21 elementor-align-left elementor-tablet-align-left elementor-mobile-align-left elementor-widget elementor-widget-button\" data-id=\"313bff21\" data-element_type=\"widget\" data-widget_type=\"button.default\">\n\t\t\t\t<div class=\"elementor-widget-container\">\n\t\t\t\t\t\t\t\t\t<div class=\"elementor-button-wrapper\">\n\t\t\t\t\t<a class=\"elementor-button elementor-button-link elementor-size-sm elementor-animation-grow\" href=\"https:\/\/www.logisticssthlm.se\/sv\/blogg\/\">\n\t\t\t\t\t\t<span class=\"elementor-button-content-wrapper\">\n\t\t\t\t\t\t<span class=\"elementor-button-icon\">\n\t\t\t\t<i aria-hidden=\"true\" class=\"fas fa-arrow-left\"><\/i>\t\t\t<\/span>\n\t\t\t\t\t\t\t\t\t<span class=\"elementor-button-text\">Fler nyheter<\/span>\n\t\t\t\t\t<\/span>\n\t\t\t\t\t<\/a>\n\t\t\t\t<\/div>\n\t\t\t\t\t\t\t\t<\/div>\n\t\t\t\t<\/div>\n\t\t\t\t\t<\/div>\n\t\t<\/div>\n\t\t\t\t<div class=\"elementor-column elementor-col-33 elementor-top-column elementor-element elementor-element-46eb1ca\" data-id=\"46eb1ca\" data-element_type=\"column\">\n\t\t\t<div class=\"elementor-widget-wrap elementor-element-populated\">\n\t\t\t\t\t\t<div class=\"elementor-element elementor-element-651b2653 elementor-widget elementor-widget-heading\" data-id=\"651b2653\" data-element_type=\"widget\" data-widget_type=\"heading.default\">\n\t\t\t\t<div class=\"elementor-widget-container\">\n\t\t\t\t\t<h4 class=\"elementor-heading-title elementor-size-default\">Dela:<\/h4>\t\t\t\t<\/div>\n\t\t\t\t<\/div>\n\t\t\t\t<div class=\"elementor-element elementor-element-1ad09f58 elementor-share-buttons--view-icon elementor-share-buttons--color-custom elementor-share-buttons--skin-minimal elementor-share-buttons--shape-circle elementor-grid-0 elementor-widget elementor-widget-share-buttons\" data-id=\"1ad09f58\" data-element_type=\"widget\" data-widget_type=\"share-buttons.default\">\n\t\t\t\t<div class=\"elementor-widget-container\">\n\t\t\t\t\t\t\t<div class=\"elementor-grid\" role=\"list\">\n\t\t\t\t\t\t\t\t<div class=\"elementor-grid-item\" role=\"listitem\">\n\t\t\t\t\t\t<div class=\"elementor-share-btn elementor-share-btn_facebook\" role=\"button\" tabindex=\"0\" aria-label=\"Share on facebook\">\n\t\t\t\t\t\t\t\t\t\t\t\t\t\t\t<span class=\"elementor-share-btn__icon\">\n\t\t\t\t\t\t\t\t<i class=\"fab fa-facebook\" aria-hidden=\"true\"><\/i>\t\t\t\t\t\t\t<\/span>\n\t\t\t\t\t\t\t\t\t\t\t\t\t\t\t\t\t\t\t\t<\/div>\n\t\t\t\t\t<\/div>\n\t\t\t\t\t\t\t\t\t<div class=\"elementor-grid-item\" role=\"listitem\">\n\t\t\t\t\t\t<div class=\"elementor-share-btn elementor-share-btn_linkedin\" role=\"button\" tabindex=\"0\" aria-label=\"Share on linkedin\">\n\t\t\t\t\t\t\t\t\t\t\t\t\t\t\t<span class=\"elementor-share-btn__icon\">\n\t\t\t\t\t\t\t\t<i class=\"fab fa-linkedin\" aria-hidden=\"true\"><\/i>\t\t\t\t\t\t\t<\/span>\n\t\t\t\t\t\t\t\t\t\t\t\t\t\t\t\t\t\t\t\t<\/div>\n\t\t\t\t\t<\/div>\n\t\t\t\t\t\t<\/div>\n\t\t\t\t\t\t<\/div>\n\t\t\t\t<\/div>\n\t\t\t\t<div class=\"elementor-element elementor-element-2a25f803 elementor-widget elementor-widget-heading\" data-id=\"2a25f803\" data-element_type=\"widget\" data-widget_type=\"heading.default\">\n\t\t\t\t<div class=\"elementor-widget-container\">\n\t\t\t\t\t<h4 class=\"elementor-heading-title elementor-size-default\">Senaste:<\/h4>\t\t\t\t<\/div>\n\t\t\t\t<\/div>\n\t\t\t\t<div class=\"elementor-element elementor-element-5c687cf5 elementor-grid-1 elementor-posts--thumbnail-left elementor-grid-tablet-2 elementor-grid-mobile-1 elementor-widget elementor-widget-posts\" data-id=\"5c687cf5\" data-element_type=\"widget\" data-settings=\"{&quot;classic_columns&quot;:&quot;1&quot;,&quot;classic_row_gap&quot;:{&quot;unit&quot;:&quot;px&quot;,&quot;size&quot;:&quot;20&quot;,&quot;sizes&quot;:[]},&quot;classic_columns_tablet&quot;:&quot;2&quot;,&quot;classic_columns_mobile&quot;:&quot;1&quot;,&quot;classic_row_gap_tablet&quot;:{&quot;unit&quot;:&quot;px&quot;,&quot;size&quot;:&quot;&quot;,&quot;sizes&quot;:[]},&quot;classic_row_gap_mobile&quot;:{&quot;unit&quot;:&quot;px&quot;,&quot;size&quot;:&quot;&quot;,&quot;sizes&quot;:[]}}\" data-widget_type=\"posts.classic\">\n\t\t\t\t<div class=\"elementor-widget-container\">\n\t\t\t\t\t\t\t<div class=\"elementor-posts-container elementor-posts elementor-posts--skin-classic elementor-grid\" role=\"list\">\n\t\t\t\t<article class=\"elementor-post elementor-grid-item post-20664 post type-post status-publish format-standard has-post-thumbnail hentry category-okategoriserad\" role=\"listitem\">\n\t\t\t\t<a class=\"elementor-post__thumbnail__link\" href=\"https:\/\/www.logisticssthlm.se\/sv\/2026\/04\/13\/nyckeln-till-att-behalla-medarbetare-inom-logistiksektorn\/\" tabindex=\"-1\" >\n\t\t\t<div class=\"elementor-post__thumbnail\"><img decoding=\"async\" width=\"300\" height=\"225\" src=\"https:\/\/easyfairsassets.com\/sites\/134\/2026\/04\/IMG_3634-300x225.jpg\" class=\"attachment-medium size-medium wp-image-20665\" alt=\"Joachim Bratt p\u00e5 scen\" srcset=\"https:\/\/easyfairsassets.com\/sites\/134\/2026\/04\/IMG_3634-300x225.jpg 300w, https:\/\/easyfairsassets.com\/sites\/134\/2026\/04\/IMG_3634-1024x768.jpg 1024w, https:\/\/easyfairsassets.com\/sites\/134\/2026\/04\/IMG_3634-768x576.jpg 768w, https:\/\/easyfairsassets.com\/sites\/134\/2026\/04\/IMG_3634-1536x1152.jpg 1536w, https:\/\/easyfairsassets.com\/sites\/134\/2026\/04\/IMG_3634.jpg 1920w\" sizes=\"(max-width: 300px) 100vw, 300px\" \/><\/div>\n\t\t<\/a>\n\t\t\t\t<div class=\"elementor-post__text\">\n\t\t\t\t<h3 class=\"elementor-post__title\">\n\t\t\t<a href=\"https:\/\/www.logisticssthlm.se\/sv\/2026\/04\/13\/nyckeln-till-att-behalla-medarbetare-inom-logistiksektorn\/\" >\n\t\t\t\tNyckeln till att beh\u00e5lla medarbetare inom logistiksektorn\t\t\t<\/a>\n\t\t<\/h3>\n\t\t\n\t\t<a class=\"elementor-post__read-more\" href=\"https:\/\/www.logisticssthlm.se\/sv\/2026\/04\/13\/nyckeln-till-att-behalla-medarbetare-inom-logistiksektorn\/\" aria-label=\"Read more about Nyckeln till att beh\u00e5lla medarbetare inom logistiksektorn\" tabindex=\"-1\" >\n\t\t\tL\u00e4s mer \u00bb\t\t<\/a>\n\n\t\t\t\t<\/div>\n\t\t\t\t<\/article>\n\t\t\t\t<article class=\"elementor-post elementor-grid-item post-20350 post type-post status-publish format-standard has-post-thumbnail hentry category-logistik\" role=\"listitem\">\n\t\t\t\t<a class=\"elementor-post__thumbnail__link\" href=\"https:\/\/www.logisticssthlm.se\/sv\/2025\/11\/10\/randstad-att-attrahera-kompetens-i-logistikbranschen\/\" tabindex=\"-1\" >\n\t\t\t<div class=\"elementor-post__thumbnail\"><img decoding=\"async\" width=\"300\" height=\"169\" src=\"https:\/\/easyfairsassets.com\/sites\/134\/2025\/11\/1-300x169.png\" class=\"attachment-medium size-medium wp-image-20455\" alt=\"Strories fr\u00e5n scenen\" srcset=\"https:\/\/easyfairsassets.com\/sites\/134\/2025\/11\/1-300x169.png 300w, https:\/\/easyfairsassets.com\/sites\/134\/2025\/11\/1-1024x576.png 1024w, https:\/\/easyfairsassets.com\/sites\/134\/2025\/11\/1-768x432.png 768w, https:\/\/easyfairsassets.com\/sites\/134\/2025\/11\/1-1536x864.png 1536w, https:\/\/easyfairsassets.com\/sites\/134\/2025\/11\/1.png 1920w\" sizes=\"(max-width: 300px) 100vw, 300px\" \/><\/div>\n\t\t<\/a>\n\t\t\t\t<div class=\"elementor-post__text\">\n\t\t\t\t<h3 class=\"elementor-post__title\">\n\t\t\t<a href=\"https:\/\/www.logisticssthlm.se\/sv\/2025\/11\/10\/randstad-att-attrahera-kompetens-i-logistikbranschen\/\" >\n\t\t\t\tRandstad \u2013 Att Attrahera kompetens i logistikbranschen\t\t\t<\/a>\n\t\t<\/h3>\n\t\t\n\t\t<a class=\"elementor-post__read-more\" href=\"https:\/\/www.logisticssthlm.se\/sv\/2025\/11\/10\/randstad-att-attrahera-kompetens-i-logistikbranschen\/\" aria-label=\"Read more about Randstad \u2013 Att Attrahera kompetens i logistikbranschen\" tabindex=\"-1\" >\n\t\t\tL\u00e4s mer \u00bb\t\t<\/a>\n\n\t\t\t\t<\/div>\n\t\t\t\t<\/article>\n\t\t\t\t<article class=\"elementor-post elementor-grid-item post-20334 post type-post status-publish format-standard has-post-thumbnail hentry category-logistik\" role=\"listitem\">\n\t\t\t\t<a class=\"elementor-post__thumbnail__link\" href=\"https:\/\/www.logisticssthlm.se\/sv\/2025\/11\/10\/sce-talks-ai-and-machine-learning-in-the-supply-chain\/\" tabindex=\"-1\" >\n\t\t\t<div class=\"elementor-post__thumbnail\"><img loading=\"lazy\" decoding=\"async\" width=\"300\" height=\"169\" src=\"https:\/\/easyfairsassets.com\/sites\/134\/2025\/11\/4-1-300x169.png\" class=\"attachment-medium size-medium wp-image-20449\" alt=\"Scen talare\" srcset=\"https:\/\/easyfairsassets.com\/sites\/134\/2025\/11\/4-1-300x169.png 300w, https:\/\/easyfairsassets.com\/sites\/134\/2025\/11\/4-1-1024x576.png 1024w, https:\/\/easyfairsassets.com\/sites\/134\/2025\/11\/4-1-768x432.png 768w, https:\/\/easyfairsassets.com\/sites\/134\/2025\/11\/4-1-1536x864.png 1536w, https:\/\/easyfairsassets.com\/sites\/134\/2025\/11\/4-1.png 1920w\" sizes=\"(max-width: 300px) 100vw, 300px\" \/><\/div>\n\t\t<\/a>\n\t\t\t\t<div class=\"elementor-post__text\">\n\t\t\t\t<h3 class=\"elementor-post__title\">\n\t\t\t<a href=\"https:\/\/www.logisticssthlm.se\/sv\/2025\/11\/10\/sce-talks-ai-and-machine-learning-in-the-supply-chain\/\" >\n\t\t\t\tSCE TALKs: AI and Machine Learning in the Supply Chain\t\t\t<\/a>\n\t\t<\/h3>\n\t\t\n\t\t<a class=\"elementor-post__read-more\" href=\"https:\/\/www.logisticssthlm.se\/sv\/2025\/11\/10\/sce-talks-ai-and-machine-learning-in-the-supply-chain\/\" aria-label=\"Read more about SCE TALKs: AI and Machine Learning in the Supply Chain\" tabindex=\"-1\" >\n\t\t\tL\u00e4s mer \u00bb\t\t<\/a>\n\n\t\t\t\t<\/div>\n\t\t\t\t<\/article>\n\t\t\t\t<\/div>\n\t\t\n\t\t\t\t\t\t<\/div>\n\t\t\t\t<\/div>\n\t\t\t\t\t<\/div>\n\t\t<\/div>\n\t\t\t\t\t<\/div>\n\t\t<\/section>\n\t\t\t\t<\/div>\n\t\t","protected":false},"excerpt":{"rendered":"<p>Med n\u00e4rmare 100 utst\u00e4llare och de senaste innovationerna \u00e4r Logistics &#038; Automation och Empack Stockholm tillbaka den 1\u20132 oktober 2025 p\u00e5 Kistam\u00e4ssan. M\u00f6tesplatsen f\u00f6r logistik- och automationsbranschen, h\u00e4r samlar vi marknadens ledande akt\u00f6rer och framtidens innovat\u00f6rer f\u00f6r att utforska branschtrender och skapa v\u00e4rdefulla aff\u00e4rskontakter.\u202f\u00a0<\/p>\n","protected":false},"author":868,"featured_media":18013,"comment_status":"open","ping_status":"open","sticky":false,"template":"elementor_header_footer","format":"standard","meta":{"_seopress_robots_primary_cat":"none","_seopress_titles_title":"M\u00f6tesplatsen f\u00f6r logistik och innovation \u00e4r tillbaka i Stockholm","_seopress_titles_desc":"V\u00e4lkommen till Logistics & Automation Stockholm 2025, d\u00e4r branschen samlas, aff\u00e4rer skapas och innovationer tar form. Vi ses d\u00e4r 1\u20132 oktober!","_seopress_robots_index":"","footnotes":""},"categories":[266],"tags":[],"edition":[],"class_list":["post-17998","post","type-post","status-publish","format-standard","has-post-thumbnail","hentry","category-pressmeddelande"],"_links":{"self":[{"href":"https:\/\/www.logisticssthlm.se\/sv\/wp-json\/wp\/v2\/posts\/17998","targetHints":{"allow":["GET"]}}],"collection":[{"href":"https:\/\/www.logisticssthlm.se\/sv\/wp-json\/wp\/v2\/posts"}],"about":[{"href":"https:\/\/www.logisticssthlm.se\/sv\/wp-json\/wp\/v2\/types\/post"}],"author":[{"embeddable":true,"href":"https:\/\/www.logisticssthlm.se\/sv\/wp-json\/wp\/v2\/users\/868"}],"replies":[{"embeddable":true,"href":"https:\/\/www.logisticssthlm.se\/sv\/wp-json\/wp\/v2\/comments?post=17998"}],"version-history":[{"count":5,"href":"https:\/\/www.logisticssthlm.se\/sv\/wp-json\/wp\/v2\/posts\/17998\/revisions"}],"predecessor-version":[{"id":20733,"href":"https:\/\/www.logisticssthlm.se\/sv\/wp-json\/wp\/v2\/posts\/17998\/revisions\/20733"}],"wp:featuredmedia":[{"embeddable":true,"href":"https:\/\/www.logisticssthlm.se\/sv\/wp-json\/wp\/v2\/media\/18013"}],"wp:attachment":[{"href":"https:\/\/www.logisticssthlm.se\/sv\/wp-json\/wp\/v2\/media?parent=17998"}],"wp:term":[{"taxonomy":"category","embeddable":true,"href":"https:\/\/www.logisticssthlm.se\/sv\/wp-json\/wp\/v2\/categories?post=17998"},{"taxonomy":"post_tag","embeddable":true,"href":"https:\/\/www.logisticssthlm.se\/sv\/wp-json\/wp\/v2\/tags?post=17998"},{"taxonomy":"edition","embeddable":true,"href":"https:\/\/www.logisticssthlm.se\/sv\/wp-json\/wp\/v2\/edition?post=17998"}],"curies":[{"name":"wp","href":"https:\/\/api.w.org\/{rel}","templated":true}]}}