{"id":20322,"date":"2025-11-10T11:28:14","date_gmt":"2025-11-10T10:28:14","guid":{"rendered":"https:\/\/www.logisticssthlm.se\/?p=20322"},"modified":"2025-12-02T16:44:36","modified_gmt":"2025-12-02T15:44:36","slug":"insikter-om-den-forandrade-varldsordningen","status":"publish","type":"post","link":"https:\/\/www.logisticssthlm.se\/sv\/2025\/11\/10\/insikter-om-den-forandrade-varldsordningen\/","title":{"rendered":"Insikter om den f\u00f6r\u00e4ndrade v\u00e4rldsordningen"},"content":{"rendered":"\t\t<div data-elementor-type=\"wp-post\" data-elementor-id=\"20322\" class=\"elementor elementor-20322\" data-elementor-post-type=\"post\">\n\t\t\t\t\t\t<section class=\"elementor-section elementor-top-section elementor-element elementor-element-4f120c8f elementor-section-boxed elementor-section-height-default elementor-section-height-default\" data-id=\"4f120c8f\" data-element_type=\"section\" data-settings=\"{&quot;background_background&quot;:&quot;classic&quot;}\">\n\t\t\t\t\t\t\t<div class=\"elementor-background-overlay\"><\/div>\n\t\t\t\t\t\t\t<div class=\"elementor-container elementor-column-gap-default\">\n\t\t\t\t\t<div class=\"elementor-column elementor-col-100 elementor-top-column elementor-element elementor-element-e5a5405\" data-id=\"e5a5405\" data-element_type=\"column\">\n\t\t\t<div class=\"elementor-widget-wrap\">\n\t\t\t\t\t\t\t<\/div>\n\t\t<\/div>\n\t\t\t\t\t<\/div>\n\t\t<\/section>\n\t\t\t\t<section class=\"elementor-section elementor-top-section elementor-element elementor-element-6a1e0337 elementor-section-boxed elementor-section-height-default elementor-section-height-default\" data-id=\"6a1e0337\" data-element_type=\"section\">\n\t\t\t\t\t\t<div class=\"elementor-container elementor-column-gap-default\">\n\t\t\t\t\t<div class=\"elementor-column elementor-col-66 elementor-top-column elementor-element elementor-element-1557ca7b\" data-id=\"1557ca7b\" data-element_type=\"column\" data-settings=\"{&quot;background_background&quot;:&quot;classic&quot;}\">\n\t\t\t<div class=\"elementor-widget-wrap elementor-element-populated\">\n\t\t\t\t\t\t<div class=\"elementor-element elementor-element-5cf840a9 elementor-widget elementor-widget-image\" data-id=\"5cf840a9\" data-element_type=\"widget\" data-widget_type=\"image.default\">\n\t\t\t\t<div class=\"elementor-widget-container\">\n\t\t\t\t\t\t\t\t\t\t\t\t\t\t\t<img fetchpriority=\"high\" decoding=\"async\" width=\"800\" height=\"450\" src=\"https:\/\/easyfairsassets.com\/sites\/134\/2025\/11\/2-1-1024x576.png\" class=\"attachment-large size-large wp-image-20461\" alt=\"\" srcset=\"https:\/\/easyfairsassets.com\/sites\/134\/2025\/11\/2-1-1024x576.png 1024w, https:\/\/easyfairsassets.com\/sites\/134\/2025\/11\/2-1-300x169.png 300w, https:\/\/easyfairsassets.com\/sites\/134\/2025\/11\/2-1-768x432.png 768w, https:\/\/easyfairsassets.com\/sites\/134\/2025\/11\/2-1-1536x864.png 1536w, https:\/\/easyfairsassets.com\/sites\/134\/2025\/11\/2-1.png 1920w\" sizes=\"(max-width: 800px) 100vw, 800px\" \/>\t\t\t\t\t\t\t\t\t\t\t\t\t\t\t<\/div>\n\t\t\t\t<\/div>\n\t\t\t\t<div class=\"elementor-element elementor-element-308812f elementor-widget elementor-widget-heading\" data-id=\"308812f\" data-element_type=\"widget\" data-widget_type=\"heading.default\">\n\t\t\t\t<div class=\"elementor-widget-container\">\n\t\t\t\t\t<h2 class=\"elementor-heading-title elementor-size-default\">Stories from Logistics &amp; Automation<\/h2>\t\t\t\t<\/div>\n\t\t\t\t<\/div>\n\t\t\t\t<div class=\"elementor-element elementor-element-2bb61ed0 elementor-widget elementor-widget-heading\" data-id=\"2bb61ed0\" data-element_type=\"widget\" data-widget_type=\"heading.default\">\n\t\t\t\t<div class=\"elementor-widget-container\">\n\t\t\t\t\t<h1 class=\"elementor-heading-title elementor-size-default\">Insikter om den f\u00f6r\u00e4ndrade v\u00e4rldsordningen<\/h1>\t\t\t\t<\/div>\n\t\t\t\t<\/div>\n\t\t\t\t<div class=\"elementor-element elementor-element-445f793f elementor-widget elementor-widget-text-editor\" data-id=\"445f793f\" data-element_type=\"widget\" data-widget_type=\"text-editor.default\">\n\t\t\t\t<div class=\"elementor-widget-container\">\n\t\t\t\t\t\t\t\t\t<p>Under Logistics &amp; Automation gav Leif Pagrotsky en skarp analys av globala f\u00f6r\u00e4ndringar som p\u00e5verkar handel, politik och tullkaos. Han belyste hur snabbt stabila f\u00f6rh\u00e5llanden kan rubbas, och hur politiska misslyckanden under l\u00e5ng tid f\u00f6rdjupat klyftor mellan stad och landsbygd, inkomstgrupper och misslyckad integration. Samtidigt v\u00e4xer Kina och Indien snabbt inom framtidsteknologier, medan Europa riskerar att hamna p\u00e5 efterk\u00e4lken.<\/p>\t\t\t\t\t\t\t\t<\/div>\n\t\t\t\t<\/div>\n\t\t\t\t<div class=\"elementor-element elementor-element-ecf1da2 elementor-widget elementor-widget-image\" data-id=\"ecf1da2\" data-element_type=\"widget\" data-widget_type=\"image.default\">\n\t\t\t\t<div class=\"elementor-widget-container\">\n\t\t\t\t\t\t\t\t\t\t\t\t\t\t\t<img decoding=\"async\" width=\"800\" height=\"450\" src=\"https:\/\/easyfairsassets.com\/sites\/134\/2025\/11\/3-1024x576.png\" class=\"attachment-large size-large wp-image-20328\" alt=\"Leif pagrotsky p\u00e5 scen\" srcset=\"https:\/\/easyfairsassets.com\/sites\/134\/2025\/11\/3-1024x576.png 1024w, https:\/\/easyfairsassets.com\/sites\/134\/2025\/11\/3-300x169.png 300w, https:\/\/easyfairsassets.com\/sites\/134\/2025\/11\/3-768x432.png 768w, https:\/\/easyfairsassets.com\/sites\/134\/2025\/11\/3-1536x864.png 1536w, https:\/\/easyfairsassets.com\/sites\/134\/2025\/11\/3.png 1920w\" sizes=\"(max-width: 800px) 100vw, 800px\" \/>\t\t\t\t\t\t\t\t\t\t\t\t\t\t\t<\/div>\n\t\t\t\t<\/div>\n\t\t\t\t<div class=\"elementor-element elementor-element-550affc elementor-widget elementor-widget-text-editor\" data-id=\"550affc\" data-element_type=\"widget\" data-widget_type=\"text-editor.default\">\n\t\t\t\t<div class=\"elementor-widget-container\">\n\t\t\t\t\t\t\t\t\t<p>Pagrotsky betonade vikten av att Sverige inte tar sin position f\u00f6r given utan satsar l\u00e5ngsiktigt p\u00e5 forskning, innovation och utbildning f\u00f6r att m\u00f6ta dessa utmaningar. Trots orosmoln pekade han p\u00e5 Sveriges styrka i kombinationen av framv\u00e4xande startups och etablerade, innovativa f\u00f6retag.<\/p><p>Annsi Krol bidrog med viktiga insikter om hur n\u00e4ringslivet kan anpassa sig i detta turbulenta landskap. Tillsammans skapade de ett \u00e4rligt och hoppfullt samtal d\u00e4r framtidstro och vilja till f\u00f6r\u00e4ndring stod i fokus.<\/p>\t\t\t\t\t\t\t\t<\/div>\n\t\t\t\t<\/div>\n\t\t\t\t<div class=\"elementor-element elementor-element-4db8f498 elementor-align-left elementor-tablet-align-left elementor-mobile-align-left elementor-widget elementor-widget-button\" data-id=\"4db8f498\" data-element_type=\"widget\" data-widget_type=\"button.default\">\n\t\t\t\t<div class=\"elementor-widget-container\">\n\t\t\t\t\t\t\t\t\t<div class=\"elementor-button-wrapper\">\n\t\t\t\t\t<a class=\"elementor-button elementor-button-link elementor-size-sm elementor-animation-grow\" href=\"https:\/\/www.logisticssthlm.se\/sv\/blogg\/\">\n\t\t\t\t\t\t<span class=\"elementor-button-content-wrapper\">\n\t\t\t\t\t\t<span class=\"elementor-button-icon\">\n\t\t\t\t<i aria-hidden=\"true\" class=\"fas fa-arrow-left\"><\/i>\t\t\t<\/span>\n\t\t\t\t\t\t\t\t\t<span class=\"elementor-button-text\">Fler nyheter<\/span>\n\t\t\t\t\t<\/span>\n\t\t\t\t\t<\/a>\n\t\t\t\t<\/div>\n\t\t\t\t\t\t\t\t<\/div>\n\t\t\t\t<\/div>\n\t\t\t\t\t<\/div>\n\t\t<\/div>\n\t\t\t\t<div class=\"elementor-column elementor-col-33 elementor-top-column elementor-element elementor-element-64ffd76b\" data-id=\"64ffd76b\" data-element_type=\"column\">\n\t\t\t<div class=\"elementor-widget-wrap elementor-element-populated\">\n\t\t\t\t\t\t<div class=\"elementor-element elementor-element-40ff5694 elementor-widget elementor-widget-heading\" data-id=\"40ff5694\" data-element_type=\"widget\" data-widget_type=\"heading.default\">\n\t\t\t\t<div class=\"elementor-widget-container\">\n\t\t\t\t\t<h4 class=\"elementor-heading-title elementor-size-default\">Dela:<\/h4>\t\t\t\t<\/div>\n\t\t\t\t<\/div>\n\t\t\t\t<div class=\"elementor-element elementor-element-3cb5f71f elementor-share-buttons--view-icon elementor-share-buttons--color-custom elementor-share-buttons--skin-minimal elementor-share-buttons--shape-circle elementor-grid-0 elementor-widget elementor-widget-share-buttons\" data-id=\"3cb5f71f\" data-element_type=\"widget\" data-widget_type=\"share-buttons.default\">\n\t\t\t\t<div class=\"elementor-widget-container\">\n\t\t\t\t\t\t\t<div class=\"elementor-grid\" role=\"list\">\n\t\t\t\t\t\t\t\t<div class=\"elementor-grid-item\" role=\"listitem\">\n\t\t\t\t\t\t<div class=\"elementor-share-btn elementor-share-btn_facebook\" role=\"button\" tabindex=\"0\" aria-label=\"Share on facebook\">\n\t\t\t\t\t\t\t\t\t\t\t\t\t\t\t<span class=\"elementor-share-btn__icon\">\n\t\t\t\t\t\t\t\t<i class=\"fab fa-facebook\" aria-hidden=\"true\"><\/i>\t\t\t\t\t\t\t<\/span>\n\t\t\t\t\t\t\t\t\t\t\t\t\t\t\t\t\t\t\t\t<\/div>\n\t\t\t\t\t<\/div>\n\t\t\t\t\t\t\t\t\t<div class=\"elementor-grid-item\" role=\"listitem\">\n\t\t\t\t\t\t<div class=\"elementor-share-btn elementor-share-btn_linkedin\" role=\"button\" tabindex=\"0\" aria-label=\"Share on linkedin\">\n\t\t\t\t\t\t\t\t\t\t\t\t\t\t\t<span class=\"elementor-share-btn__icon\">\n\t\t\t\t\t\t\t\t<i class=\"fab fa-linkedin\" aria-hidden=\"true\"><\/i>\t\t\t\t\t\t\t<\/span>\n\t\t\t\t\t\t\t\t\t\t\t\t\t\t\t\t\t\t\t\t<\/div>\n\t\t\t\t\t<\/div>\n\t\t\t\t\t\t<\/div>\n\t\t\t\t\t\t<\/div>\n\t\t\t\t<\/div>\n\t\t\t\t<div class=\"elementor-element elementor-element-6de4dd43 elementor-widget elementor-widget-heading\" data-id=\"6de4dd43\" data-element_type=\"widget\" data-widget_type=\"heading.default\">\n\t\t\t\t<div class=\"elementor-widget-container\">\n\t\t\t\t\t<h4 class=\"elementor-heading-title elementor-size-default\">Senaste:<\/h4>\t\t\t\t<\/div>\n\t\t\t\t<\/div>\n\t\t\t\t<div class=\"elementor-element elementor-element-66f97f2b elementor-grid-1 elementor-posts--thumbnail-left elementor-grid-tablet-2 elementor-grid-mobile-1 elementor-widget elementor-widget-posts\" data-id=\"66f97f2b\" data-element_type=\"widget\" data-settings=\"{&quot;classic_columns&quot;:&quot;1&quot;,&quot;classic_row_gap&quot;:{&quot;unit&quot;:&quot;px&quot;,&quot;size&quot;:&quot;20&quot;,&quot;sizes&quot;:[]},&quot;classic_columns_tablet&quot;:&quot;2&quot;,&quot;classic_columns_mobile&quot;:&quot;1&quot;,&quot;classic_row_gap_tablet&quot;:{&quot;unit&quot;:&quot;px&quot;,&quot;size&quot;:&quot;&quot;,&quot;sizes&quot;:[]},&quot;classic_row_gap_mobile&quot;:{&quot;unit&quot;:&quot;px&quot;,&quot;size&quot;:&quot;&quot;,&quot;sizes&quot;:[]}}\" data-widget_type=\"posts.classic\">\n\t\t\t\t<div class=\"elementor-widget-container\">\n\t\t\t\t\t\t\t<div class=\"elementor-posts-container elementor-posts elementor-posts--skin-classic elementor-grid\" role=\"list\">\n\t\t\t\t<article class=\"elementor-post elementor-grid-item post-20664 post type-post status-publish format-standard has-post-thumbnail hentry category-okategoriserad\" role=\"listitem\">\n\t\t\t\t<a class=\"elementor-post__thumbnail__link\" href=\"https:\/\/www.logisticssthlm.se\/sv\/2026\/04\/13\/nyckeln-till-att-behalla-medarbetare-inom-logistiksektorn\/\" tabindex=\"-1\" >\n\t\t\t<div class=\"elementor-post__thumbnail\"><img decoding=\"async\" width=\"300\" height=\"225\" src=\"https:\/\/easyfairsassets.com\/sites\/134\/2026\/04\/IMG_3634-300x225.jpg\" class=\"attachment-medium size-medium wp-image-20665\" alt=\"Joachim Bratt p\u00e5 scen\" srcset=\"https:\/\/easyfairsassets.com\/sites\/134\/2026\/04\/IMG_3634-300x225.jpg 300w, https:\/\/easyfairsassets.com\/sites\/134\/2026\/04\/IMG_3634-1024x768.jpg 1024w, https:\/\/easyfairsassets.com\/sites\/134\/2026\/04\/IMG_3634-768x576.jpg 768w, https:\/\/easyfairsassets.com\/sites\/134\/2026\/04\/IMG_3634-1536x1152.jpg 1536w, https:\/\/easyfairsassets.com\/sites\/134\/2026\/04\/IMG_3634.jpg 1920w\" sizes=\"(max-width: 300px) 100vw, 300px\" \/><\/div>\n\t\t<\/a>\n\t\t\t\t<div class=\"elementor-post__text\">\n\t\t\t\t<h3 class=\"elementor-post__title\">\n\t\t\t<a href=\"https:\/\/www.logisticssthlm.se\/sv\/2026\/04\/13\/nyckeln-till-att-behalla-medarbetare-inom-logistiksektorn\/\" >\n\t\t\t\tNyckeln till att beh\u00e5lla medarbetare inom logistiksektorn\t\t\t<\/a>\n\t\t<\/h3>\n\t\t\n\t\t<a class=\"elementor-post__read-more\" href=\"https:\/\/www.logisticssthlm.se\/sv\/2026\/04\/13\/nyckeln-till-att-behalla-medarbetare-inom-logistiksektorn\/\" aria-label=\"Read more about Nyckeln till att beh\u00e5lla medarbetare inom logistiksektorn\" tabindex=\"-1\" >\n\t\t\tL\u00e4s mer \u00bb\t\t<\/a>\n\n\t\t\t\t<\/div>\n\t\t\t\t<\/article>\n\t\t\t\t<article class=\"elementor-post elementor-grid-item post-20350 post type-post status-publish format-standard has-post-thumbnail hentry category-logistik\" role=\"listitem\">\n\t\t\t\t<a class=\"elementor-post__thumbnail__link\" href=\"https:\/\/www.logisticssthlm.se\/sv\/2025\/11\/10\/randstad-att-attrahera-kompetens-i-logistikbranschen\/\" tabindex=\"-1\" >\n\t\t\t<div class=\"elementor-post__thumbnail\"><img loading=\"lazy\" decoding=\"async\" width=\"300\" height=\"169\" src=\"https:\/\/easyfairsassets.com\/sites\/134\/2025\/11\/1-300x169.png\" class=\"attachment-medium size-medium wp-image-20455\" alt=\"Strories fr\u00e5n scenen\" srcset=\"https:\/\/easyfairsassets.com\/sites\/134\/2025\/11\/1-300x169.png 300w, https:\/\/easyfairsassets.com\/sites\/134\/2025\/11\/1-1024x576.png 1024w, https:\/\/easyfairsassets.com\/sites\/134\/2025\/11\/1-768x432.png 768w, https:\/\/easyfairsassets.com\/sites\/134\/2025\/11\/1-1536x864.png 1536w, https:\/\/easyfairsassets.com\/sites\/134\/2025\/11\/1.png 1920w\" sizes=\"(max-width: 300px) 100vw, 300px\" \/><\/div>\n\t\t<\/a>\n\t\t\t\t<div class=\"elementor-post__text\">\n\t\t\t\t<h3 class=\"elementor-post__title\">\n\t\t\t<a href=\"https:\/\/www.logisticssthlm.se\/sv\/2025\/11\/10\/randstad-att-attrahera-kompetens-i-logistikbranschen\/\" >\n\t\t\t\tRandstad \u2013 Att Attrahera kompetens i logistikbranschen\t\t\t<\/a>\n\t\t<\/h3>\n\t\t\n\t\t<a class=\"elementor-post__read-more\" href=\"https:\/\/www.logisticssthlm.se\/sv\/2025\/11\/10\/randstad-att-attrahera-kompetens-i-logistikbranschen\/\" aria-label=\"Read more about Randstad \u2013 Att Attrahera kompetens i logistikbranschen\" tabindex=\"-1\" >\n\t\t\tL\u00e4s mer \u00bb\t\t<\/a>\n\n\t\t\t\t<\/div>\n\t\t\t\t<\/article>\n\t\t\t\t<article class=\"elementor-post elementor-grid-item post-20334 post type-post status-publish format-standard has-post-thumbnail hentry category-logistik\" role=\"listitem\">\n\t\t\t\t<a class=\"elementor-post__thumbnail__link\" href=\"https:\/\/www.logisticssthlm.se\/sv\/2025\/11\/10\/sce-talks-ai-and-machine-learning-in-the-supply-chain\/\" tabindex=\"-1\" >\n\t\t\t<div class=\"elementor-post__thumbnail\"><img loading=\"lazy\" decoding=\"async\" width=\"300\" height=\"169\" src=\"https:\/\/easyfairsassets.com\/sites\/134\/2025\/11\/4-1-300x169.png\" class=\"attachment-medium size-medium wp-image-20449\" alt=\"Scen talare\" srcset=\"https:\/\/easyfairsassets.com\/sites\/134\/2025\/11\/4-1-300x169.png 300w, https:\/\/easyfairsassets.com\/sites\/134\/2025\/11\/4-1-1024x576.png 1024w, https:\/\/easyfairsassets.com\/sites\/134\/2025\/11\/4-1-768x432.png 768w, https:\/\/easyfairsassets.com\/sites\/134\/2025\/11\/4-1-1536x864.png 1536w, https:\/\/easyfairsassets.com\/sites\/134\/2025\/11\/4-1.png 1920w\" sizes=\"(max-width: 300px) 100vw, 300px\" \/><\/div>\n\t\t<\/a>\n\t\t\t\t<div class=\"elementor-post__text\">\n\t\t\t\t<h3 class=\"elementor-post__title\">\n\t\t\t<a href=\"https:\/\/www.logisticssthlm.se\/sv\/2025\/11\/10\/sce-talks-ai-and-machine-learning-in-the-supply-chain\/\" >\n\t\t\t\tSCE TALKs: AI and Machine Learning in the Supply Chain\t\t\t<\/a>\n\t\t<\/h3>\n\t\t\n\t\t<a class=\"elementor-post__read-more\" href=\"https:\/\/www.logisticssthlm.se\/sv\/2025\/11\/10\/sce-talks-ai-and-machine-learning-in-the-supply-chain\/\" aria-label=\"Read more about SCE TALKs: AI and Machine Learning in the Supply Chain\" tabindex=\"-1\" >\n\t\t\tL\u00e4s mer \u00bb\t\t<\/a>\n\n\t\t\t\t<\/div>\n\t\t\t\t<\/article>\n\t\t\t\t<\/div>\n\t\t\n\t\t\t\t\t\t<\/div>\n\t\t\t\t<\/div>\n\t\t\t\t\t<\/div>\n\t\t<\/div>\n\t\t\t\t\t<\/div>\n\t\t<\/section>\n\t\t\t\t<\/div>\n\t\t","protected":false},"excerpt":{"rendered":"<p>Under Logistics &#038; Automation gav Leif Pagrotsky en skarp analys av globala f\u00f6r\u00e4ndringar som p\u00e5verkar handel, politik och tullkaos.<\/p>\n","protected":false},"author":868,"featured_media":20449,"comment_status":"open","ping_status":"open","sticky":false,"template":"elementor_header_footer","format":"standard","meta":{"_seopress_robots_primary_cat":"none","_seopress_titles_title":"Insikter om den f\u00f6r\u00e4ndrade v\u00e4rldsordningen - Stories from Logistics & Autoamtion","_seopress_titles_desc":"Under Logistics & Automation gav Leif Pagrotsky en skarp analys av globala f\u00f6r\u00e4ndringar som p\u00e5verkar handel, politik och tullkaos.","_seopress_robots_index":"","footnotes":""},"categories":[335],"tags":[],"edition":[],"class_list":["post-20322","post","type-post","status-publish","format-standard","has-post-thumbnail","hentry","category-logistik"],"_links":{"self":[{"href":"https:\/\/www.logisticssthlm.se\/sv\/wp-json\/wp\/v2\/posts\/20322","targetHints":{"allow":["GET"]}}],"collection":[{"href":"https:\/\/www.logisticssthlm.se\/sv\/wp-json\/wp\/v2\/posts"}],"about":[{"href":"https:\/\/www.logisticssthlm.se\/sv\/wp-json\/wp\/v2\/types\/post"}],"author":[{"embeddable":true,"href":"https:\/\/www.logisticssthlm.se\/sv\/wp-json\/wp\/v2\/users\/868"}],"replies":[{"embeddable":true,"href":"https:\/\/www.logisticssthlm.se\/sv\/wp-json\/wp\/v2\/comments?post=20322"}],"version-history":[{"count":5,"href":"https:\/\/www.logisticssthlm.se\/sv\/wp-json\/wp\/v2\/posts\/20322\/revisions"}],"predecessor-version":[{"id":20468,"href":"https:\/\/www.logisticssthlm.se\/sv\/wp-json\/wp\/v2\/posts\/20322\/revisions\/20468"}],"wp:featuredmedia":[{"embeddable":true,"href":"https:\/\/www.logisticssthlm.se\/sv\/wp-json\/wp\/v2\/media\/20449"}],"wp:attachment":[{"href":"https:\/\/www.logisticssthlm.se\/sv\/wp-json\/wp\/v2\/media?parent=20322"}],"wp:term":[{"taxonomy":"category","embeddable":true,"href":"https:\/\/www.logisticssthlm.se\/sv\/wp-json\/wp\/v2\/categories?post=20322"},{"taxonomy":"post_tag","embeddable":true,"href":"https:\/\/www.logisticssthlm.se\/sv\/wp-json\/wp\/v2\/tags?post=20322"},{"taxonomy":"edition","embeddable":true,"href":"https:\/\/www.logisticssthlm.se\/sv\/wp-json\/wp\/v2\/edition?post=20322"}],"curies":[{"name":"wp","href":"https:\/\/api.w.org\/{rel}","templated":true}]}}