{"id":20350,"date":"2025-11-10T13:46:25","date_gmt":"2025-11-10T12:46:25","guid":{"rendered":"https:\/\/www.logisticssthlm.se\/?p=20350"},"modified":"2025-12-02T16:34:41","modified_gmt":"2025-12-02T15:34:41","slug":"randstad-att-attrahera-kompetens-i-logistikbranschen","status":"publish","type":"post","link":"https:\/\/www.logisticssthlm.se\/sv\/2025\/11\/10\/randstad-att-attrahera-kompetens-i-logistikbranschen\/","title":{"rendered":"Randstad \u2013 Att Attrahera kompetens i logistikbranschen"},"content":{"rendered":"\t\t<div data-elementor-type=\"wp-post\" data-elementor-id=\"20350\" class=\"elementor elementor-20350\" data-elementor-post-type=\"post\">\n\t\t\t\t\t\t<section class=\"elementor-section elementor-top-section elementor-element elementor-element-55878cef elementor-section-boxed elementor-section-height-default elementor-section-height-default\" data-id=\"55878cef\" data-element_type=\"section\" data-settings=\"{&quot;background_background&quot;:&quot;classic&quot;}\">\n\t\t\t\t\t\t\t<div class=\"elementor-background-overlay\"><\/div>\n\t\t\t\t\t\t\t<div class=\"elementor-container elementor-column-gap-default\">\n\t\t\t\t\t<div class=\"elementor-column elementor-col-100 elementor-top-column elementor-element elementor-element-7ac79be4\" data-id=\"7ac79be4\" data-element_type=\"column\">\n\t\t\t<div class=\"elementor-widget-wrap\">\n\t\t\t\t\t\t\t<\/div>\n\t\t<\/div>\n\t\t\t\t\t<\/div>\n\t\t<\/section>\n\t\t\t\t<section class=\"elementor-section elementor-top-section elementor-element elementor-element-1da12ca3 elementor-section-boxed elementor-section-height-default elementor-section-height-default\" data-id=\"1da12ca3\" data-element_type=\"section\">\n\t\t\t\t\t\t<div class=\"elementor-container elementor-column-gap-default\">\n\t\t\t\t\t<div class=\"elementor-column elementor-col-66 elementor-top-column elementor-element elementor-element-a4281a0\" data-id=\"a4281a0\" data-element_type=\"column\" data-settings=\"{&quot;background_background&quot;:&quot;classic&quot;}\">\n\t\t\t<div class=\"elementor-widget-wrap elementor-element-populated\">\n\t\t\t\t\t\t<div class=\"elementor-element elementor-element-113280a0 elementor-widget elementor-widget-heading\" data-id=\"113280a0\" data-element_type=\"widget\" data-widget_type=\"heading.default\">\n\t\t\t\t<div class=\"elementor-widget-container\">\n\t\t\t\t\t<h2 class=\"elementor-heading-title elementor-size-default\">Stories From Logistics &amp; Automation<\/h2>\t\t\t\t<\/div>\n\t\t\t\t<\/div>\n\t\t\t\t<div class=\"elementor-element elementor-element-28a3be71 elementor-widget elementor-widget-image\" data-id=\"28a3be71\" data-element_type=\"widget\" data-widget_type=\"image.default\">\n\t\t\t\t<div class=\"elementor-widget-container\">\n\t\t\t\t\t\t\t\t\t\t\t\t\t\t\t<img fetchpriority=\"high\" decoding=\"async\" width=\"800\" height=\"450\" src=\"https:\/\/easyfairsassets.com\/sites\/134\/2025\/11\/1-1024x576.png\" class=\"attachment-large size-large wp-image-20455\" alt=\"Strories fr\u00e5n scenen\" srcset=\"https:\/\/easyfairsassets.com\/sites\/134\/2025\/11\/1-1024x576.png 1024w, https:\/\/easyfairsassets.com\/sites\/134\/2025\/11\/1-300x169.png 300w, https:\/\/easyfairsassets.com\/sites\/134\/2025\/11\/1-768x432.png 768w, https:\/\/easyfairsassets.com\/sites\/134\/2025\/11\/1-1536x864.png 1536w, https:\/\/easyfairsassets.com\/sites\/134\/2025\/11\/1.png 1920w\" sizes=\"(max-width: 800px) 100vw, 800px\" \/>\t\t\t\t\t\t\t\t\t\t\t\t\t\t\t<\/div>\n\t\t\t\t<\/div>\n\t\t\t\t<div class=\"elementor-element elementor-element-258e44b elementor-widget elementor-widget-heading\" data-id=\"258e44b\" data-element_type=\"widget\" data-widget_type=\"heading.default\">\n\t\t\t\t<div class=\"elementor-widget-container\">\n\t\t\t\t\t<h1 class=\"elementor-heading-title elementor-size-default\">Randstad \u2013 Att Attrahera kompetens i logistikbranschen<\/h1>\t\t\t\t<\/div>\n\t\t\t\t<\/div>\n\t\t\t\t<div class=\"elementor-element elementor-element-4f029b28 elementor-widget elementor-widget-text-editor\" data-id=\"4f029b28\" data-element_type=\"widget\" data-widget_type=\"text-editor.default\">\n\t\t\t\t<div class=\"elementor-widget-container\">\n\t\t\t\t\t\t\t\t\t<p>P\u00e5 Logistics &amp; Automation, Kistam\u00e4ssan den 1\u20132 oktober samlades m\u00e5nga f\u00f6r att lyssna p\u00e5 seminarier om AI, f\u00f6rpackningslagstiftning, automation och HR. Joacim Bratt fr\u00e5n Randstad \u00f6ppnade f\u00f6rsta dagen med att belysa den p\u00e5tagliga kompetensbristen inom automatiserad logistik.<\/p><p>Enligt Bratt r\u00e5der global brist p\u00e5 kvalificerad arbetskraft, s\u00e4rskilt p\u00e5 drifts- och chefsniv\u00e5, och detta v\u00e4ntas best\u00e5 fram till 2027 med en kompetensbrist p\u00e5 54 procent. Pensionsavg\u00e5ngar och f\u00f6r\u00e4ndrade kompetenskrav utmanar arbetsmarknaden, samtidigt som automation kr\u00e4ver nya f\u00e4rdigheter.<\/p><p>F\u00f6r att m\u00f6ta dessa utmaningar satsar allt fler f\u00f6retag p\u00e5 &#8221;upskilling&#8221; och &#8221;reskilling&#8221; \u2013 att utbilda sin befintliga personal f\u00f6r framtidens behov. Bratt framh\u00f6ll ocks\u00e5 vikten av att attrahera passiva jobbs\u00f6kare och po\u00e4ngterade att flexibilitet och konkurrenskraftiga l\u00f6ner blivit allt viktigare faktorer f\u00f6r arbetstagare sedan pandemin.<\/p><p>Randstad, som \u00e5rligen unders\u00f6ker arbetstagares preferenser, rapporterar att l\u00f6nen nu \u00e4r den viktigaste faktorn f\u00f6r jobbs\u00f6kande, vilket \u00e5terspeglar den tuffare ekonomiska situationen. Att bemanningen \u00e4r precis r\u00e4tt \u00e4r avg\u00f6rande f\u00f6r f\u00f6retagens konkurrenskraft, menade Bratt.<\/p><p>L\u00e4s mer om sessionen hos v\u00e5r partner Dagens Logistik:<\/p>\t\t\t\t\t\t\t\t<\/div>\n\t\t\t\t<\/div>\n\t\t\t\t<div class=\"elementor-element elementor-element-27c1b4f1 elementor-align-left elementor-tablet-align-left elementor-mobile-align-left elementor-widget elementor-widget-button\" data-id=\"27c1b4f1\" data-element_type=\"widget\" data-widget_type=\"button.default\">\n\t\t\t\t<div class=\"elementor-widget-container\">\n\t\t\t\t\t\t\t\t\t<div class=\"elementor-button-wrapper\">\n\t\t\t\t\t<a class=\"elementor-button elementor-button-link elementor-size-sm elementor-animation-grow\" href=\"https:\/\/dagenslogistik.se\/lonen-allt-viktigare-for-att-attrahera-kompetens\/\">\n\t\t\t\t\t\t<span class=\"elementor-button-content-wrapper\">\n\t\t\t\t\t\t\t\t\t<span class=\"elementor-button-text\">Dagens Logistik artikel<\/span>\n\t\t\t\t\t<\/span>\n\t\t\t\t\t<\/a>\n\t\t\t\t<\/div>\n\t\t\t\t\t\t\t\t<\/div>\n\t\t\t\t<\/div>\n\t\t\t\t<div class=\"elementor-element elementor-element-2d72e41f elementor-align-left elementor-tablet-align-left elementor-mobile-align-left elementor-widget elementor-widget-button\" data-id=\"2d72e41f\" data-element_type=\"widget\" data-widget_type=\"button.default\">\n\t\t\t\t<div class=\"elementor-widget-container\">\n\t\t\t\t\t\t\t\t\t<div class=\"elementor-button-wrapper\">\n\t\t\t\t\t<a class=\"elementor-button elementor-button-link elementor-size-sm elementor-animation-grow\" href=\"https:\/\/www.logisticssthlm.se\/sv\/blogg\/\">\n\t\t\t\t\t\t<span class=\"elementor-button-content-wrapper\">\n\t\t\t\t\t\t<span class=\"elementor-button-icon\">\n\t\t\t\t<i aria-hidden=\"true\" class=\"fas fa-arrow-left\"><\/i>\t\t\t<\/span>\n\t\t\t\t\t\t\t\t\t<span class=\"elementor-button-text\">Fler nyheter<\/span>\n\t\t\t\t\t<\/span>\n\t\t\t\t\t<\/a>\n\t\t\t\t<\/div>\n\t\t\t\t\t\t\t\t<\/div>\n\t\t\t\t<\/div>\n\t\t\t\t\t<\/div>\n\t\t<\/div>\n\t\t\t\t<div class=\"elementor-column elementor-col-33 elementor-top-column elementor-element elementor-element-302f9518\" data-id=\"302f9518\" data-element_type=\"column\">\n\t\t\t<div class=\"elementor-widget-wrap elementor-element-populated\">\n\t\t\t\t\t\t<div class=\"elementor-element elementor-element-db7a24d elementor-widget elementor-widget-heading\" data-id=\"db7a24d\" data-element_type=\"widget\" data-widget_type=\"heading.default\">\n\t\t\t\t<div class=\"elementor-widget-container\">\n\t\t\t\t\t<h4 class=\"elementor-heading-title elementor-size-default\">Dela:<\/h4>\t\t\t\t<\/div>\n\t\t\t\t<\/div>\n\t\t\t\t<div class=\"elementor-element elementor-element-44e2b4a7 elementor-share-buttons--view-icon elementor-share-buttons--color-custom elementor-share-buttons--skin-minimal elementor-share-buttons--shape-circle elementor-grid-0 elementor-widget elementor-widget-share-buttons\" data-id=\"44e2b4a7\" data-element_type=\"widget\" data-widget_type=\"share-buttons.default\">\n\t\t\t\t<div class=\"elementor-widget-container\">\n\t\t\t\t\t\t\t<div class=\"elementor-grid\" role=\"list\">\n\t\t\t\t\t\t\t\t<div class=\"elementor-grid-item\" role=\"listitem\">\n\t\t\t\t\t\t<div class=\"elementor-share-btn elementor-share-btn_facebook\" role=\"button\" tabindex=\"0\" aria-label=\"Share on facebook\">\n\t\t\t\t\t\t\t\t\t\t\t\t\t\t\t<span class=\"elementor-share-btn__icon\">\n\t\t\t\t\t\t\t\t<i class=\"fab fa-facebook\" aria-hidden=\"true\"><\/i>\t\t\t\t\t\t\t<\/span>\n\t\t\t\t\t\t\t\t\t\t\t\t\t\t\t\t\t\t\t\t<\/div>\n\t\t\t\t\t<\/div>\n\t\t\t\t\t\t\t\t\t<div class=\"elementor-grid-item\" role=\"listitem\">\n\t\t\t\t\t\t<div class=\"elementor-share-btn elementor-share-btn_linkedin\" role=\"button\" tabindex=\"0\" aria-label=\"Share on linkedin\">\n\t\t\t\t\t\t\t\t\t\t\t\t\t\t\t<span class=\"elementor-share-btn__icon\">\n\t\t\t\t\t\t\t\t<i class=\"fab fa-linkedin\" aria-hidden=\"true\"><\/i>\t\t\t\t\t\t\t<\/span>\n\t\t\t\t\t\t\t\t\t\t\t\t\t\t\t\t\t\t\t\t<\/div>\n\t\t\t\t\t<\/div>\n\t\t\t\t\t\t<\/div>\n\t\t\t\t\t\t<\/div>\n\t\t\t\t<\/div>\n\t\t\t\t<div class=\"elementor-element elementor-element-4a60ca72 elementor-widget elementor-widget-heading\" data-id=\"4a60ca72\" data-element_type=\"widget\" data-widget_type=\"heading.default\">\n\t\t\t\t<div class=\"elementor-widget-container\">\n\t\t\t\t\t<h4 class=\"elementor-heading-title elementor-size-default\">Senaste:<\/h4>\t\t\t\t<\/div>\n\t\t\t\t<\/div>\n\t\t\t\t<div class=\"elementor-element elementor-element-41829da0 elementor-grid-1 elementor-posts--thumbnail-left elementor-grid-tablet-2 elementor-grid-mobile-1 elementor-widget elementor-widget-posts\" data-id=\"41829da0\" data-element_type=\"widget\" data-settings=\"{&quot;classic_columns&quot;:&quot;1&quot;,&quot;classic_row_gap&quot;:{&quot;unit&quot;:&quot;px&quot;,&quot;size&quot;:&quot;20&quot;,&quot;sizes&quot;:[]},&quot;classic_columns_tablet&quot;:&quot;2&quot;,&quot;classic_columns_mobile&quot;:&quot;1&quot;,&quot;classic_row_gap_tablet&quot;:{&quot;unit&quot;:&quot;px&quot;,&quot;size&quot;:&quot;&quot;,&quot;sizes&quot;:[]},&quot;classic_row_gap_mobile&quot;:{&quot;unit&quot;:&quot;px&quot;,&quot;size&quot;:&quot;&quot;,&quot;sizes&quot;:[]}}\" data-widget_type=\"posts.classic\">\n\t\t\t\t<div class=\"elementor-widget-container\">\n\t\t\t\t\t\t\t<div class=\"elementor-posts-container elementor-posts elementor-posts--skin-classic elementor-grid\" role=\"list\">\n\t\t\t\t<article class=\"elementor-post elementor-grid-item post-20664 post type-post status-publish format-standard has-post-thumbnail hentry category-okategoriserad\" role=\"listitem\">\n\t\t\t\t<a class=\"elementor-post__thumbnail__link\" href=\"https:\/\/www.logisticssthlm.se\/sv\/2026\/04\/13\/nyckeln-till-att-behalla-medarbetare-inom-logistiksektorn\/\" tabindex=\"-1\" >\n\t\t\t<div class=\"elementor-post__thumbnail\"><img decoding=\"async\" width=\"300\" height=\"225\" src=\"https:\/\/easyfairsassets.com\/sites\/134\/2026\/04\/IMG_3634-300x225.jpg\" class=\"attachment-medium size-medium wp-image-20665\" alt=\"Joachim Bratt p\u00e5 scen\" srcset=\"https:\/\/easyfairsassets.com\/sites\/134\/2026\/04\/IMG_3634-300x225.jpg 300w, https:\/\/easyfairsassets.com\/sites\/134\/2026\/04\/IMG_3634-1024x768.jpg 1024w, https:\/\/easyfairsassets.com\/sites\/134\/2026\/04\/IMG_3634-768x576.jpg 768w, https:\/\/easyfairsassets.com\/sites\/134\/2026\/04\/IMG_3634-1536x1152.jpg 1536w, https:\/\/easyfairsassets.com\/sites\/134\/2026\/04\/IMG_3634.jpg 1920w\" sizes=\"(max-width: 300px) 100vw, 300px\" \/><\/div>\n\t\t<\/a>\n\t\t\t\t<div class=\"elementor-post__text\">\n\t\t\t\t<h3 class=\"elementor-post__title\">\n\t\t\t<a href=\"https:\/\/www.logisticssthlm.se\/sv\/2026\/04\/13\/nyckeln-till-att-behalla-medarbetare-inom-logistiksektorn\/\" >\n\t\t\t\tNyckeln till att beh\u00e5lla medarbetare inom logistiksektorn\t\t\t<\/a>\n\t\t<\/h3>\n\t\t\n\t\t<a class=\"elementor-post__read-more\" href=\"https:\/\/www.logisticssthlm.se\/sv\/2026\/04\/13\/nyckeln-till-att-behalla-medarbetare-inom-logistiksektorn\/\" aria-label=\"Read more about Nyckeln till att beh\u00e5lla medarbetare inom logistiksektorn\" tabindex=\"-1\" >\n\t\t\tL\u00e4s mer \u00bb\t\t<\/a>\n\n\t\t\t\t<\/div>\n\t\t\t\t<\/article>\n\t\t\t\t<article class=\"elementor-post elementor-grid-item post-20350 post type-post status-publish format-standard has-post-thumbnail hentry category-logistik\" role=\"listitem\">\n\t\t\t\t<a class=\"elementor-post__thumbnail__link\" href=\"https:\/\/www.logisticssthlm.se\/sv\/2025\/11\/10\/randstad-att-attrahera-kompetens-i-logistikbranschen\/\" tabindex=\"-1\" >\n\t\t\t<div class=\"elementor-post__thumbnail\"><img decoding=\"async\" width=\"300\" height=\"169\" src=\"https:\/\/easyfairsassets.com\/sites\/134\/2025\/11\/1-300x169.png\" class=\"attachment-medium size-medium wp-image-20455\" alt=\"Strories fr\u00e5n scenen\" srcset=\"https:\/\/easyfairsassets.com\/sites\/134\/2025\/11\/1-300x169.png 300w, https:\/\/easyfairsassets.com\/sites\/134\/2025\/11\/1-1024x576.png 1024w, https:\/\/easyfairsassets.com\/sites\/134\/2025\/11\/1-768x432.png 768w, https:\/\/easyfairsassets.com\/sites\/134\/2025\/11\/1-1536x864.png 1536w, https:\/\/easyfairsassets.com\/sites\/134\/2025\/11\/1.png 1920w\" sizes=\"(max-width: 300px) 100vw, 300px\" \/><\/div>\n\t\t<\/a>\n\t\t\t\t<div class=\"elementor-post__text\">\n\t\t\t\t<h3 class=\"elementor-post__title\">\n\t\t\t<a href=\"https:\/\/www.logisticssthlm.se\/sv\/2025\/11\/10\/randstad-att-attrahera-kompetens-i-logistikbranschen\/\" >\n\t\t\t\tRandstad \u2013 Att Attrahera kompetens i logistikbranschen\t\t\t<\/a>\n\t\t<\/h3>\n\t\t\n\t\t<a class=\"elementor-post__read-more\" href=\"https:\/\/www.logisticssthlm.se\/sv\/2025\/11\/10\/randstad-att-attrahera-kompetens-i-logistikbranschen\/\" aria-label=\"Read more about Randstad \u2013 Att Attrahera kompetens i logistikbranschen\" tabindex=\"-1\" >\n\t\t\tL\u00e4s mer \u00bb\t\t<\/a>\n\n\t\t\t\t<\/div>\n\t\t\t\t<\/article>\n\t\t\t\t<article class=\"elementor-post elementor-grid-item post-20334 post type-post status-publish format-standard has-post-thumbnail hentry category-logistik\" role=\"listitem\">\n\t\t\t\t<a class=\"elementor-post__thumbnail__link\" href=\"https:\/\/www.logisticssthlm.se\/sv\/2025\/11\/10\/sce-talks-ai-and-machine-learning-in-the-supply-chain\/\" tabindex=\"-1\" >\n\t\t\t<div class=\"elementor-post__thumbnail\"><img loading=\"lazy\" decoding=\"async\" width=\"300\" height=\"169\" src=\"https:\/\/easyfairsassets.com\/sites\/134\/2025\/11\/4-1-300x169.png\" class=\"attachment-medium size-medium wp-image-20449\" alt=\"Scen talare\" srcset=\"https:\/\/easyfairsassets.com\/sites\/134\/2025\/11\/4-1-300x169.png 300w, https:\/\/easyfairsassets.com\/sites\/134\/2025\/11\/4-1-1024x576.png 1024w, https:\/\/easyfairsassets.com\/sites\/134\/2025\/11\/4-1-768x432.png 768w, https:\/\/easyfairsassets.com\/sites\/134\/2025\/11\/4-1-1536x864.png 1536w, https:\/\/easyfairsassets.com\/sites\/134\/2025\/11\/4-1.png 1920w\" sizes=\"(max-width: 300px) 100vw, 300px\" \/><\/div>\n\t\t<\/a>\n\t\t\t\t<div class=\"elementor-post__text\">\n\t\t\t\t<h3 class=\"elementor-post__title\">\n\t\t\t<a href=\"https:\/\/www.logisticssthlm.se\/sv\/2025\/11\/10\/sce-talks-ai-and-machine-learning-in-the-supply-chain\/\" >\n\t\t\t\tSCE TALKs: AI and Machine Learning in the Supply Chain\t\t\t<\/a>\n\t\t<\/h3>\n\t\t\n\t\t<a class=\"elementor-post__read-more\" href=\"https:\/\/www.logisticssthlm.se\/sv\/2025\/11\/10\/sce-talks-ai-and-machine-learning-in-the-supply-chain\/\" aria-label=\"Read more about SCE TALKs: AI and Machine Learning in the Supply Chain\" tabindex=\"-1\" >\n\t\t\tL\u00e4s mer \u00bb\t\t<\/a>\n\n\t\t\t\t<\/div>\n\t\t\t\t<\/article>\n\t\t\t\t<\/div>\n\t\t\n\t\t\t\t\t\t<\/div>\n\t\t\t\t<\/div>\n\t\t\t\t\t<\/div>\n\t\t<\/div>\n\t\t\t\t\t<\/div>\n\t\t<\/section>\n\t\t\t\t<\/div>\n\t\t","protected":false},"excerpt":{"rendered":"<p>Joacim Bratt fr\u00e5n Randstad \u00f6ppnade f\u00f6rsta dagen med att belysa den p\u00e5tagliga kompetensbristen inom automatiserad logistik.<\/p>\n","protected":false},"author":868,"featured_media":20455,"comment_status":"open","ping_status":"open","sticky":false,"template":"elementor_header_footer","format":"standard","meta":{"_seopress_robots_primary_cat":"none","_seopress_titles_title":"Randstad \u2013 Att Attrahera kompetens i logistikbranschen","_seopress_titles_desc":"Joacim Bratt fr\u00e5n Randstad \u00f6ppnade f\u00f6rsta dagen med att belysa den p\u00e5tagliga kompetensbristen inom automatiserad logistik.","_seopress_robots_index":"","footnotes":""},"categories":[335],"tags":[],"edition":[],"class_list":["post-20350","post","type-post","status-publish","format-standard","has-post-thumbnail","hentry","category-logistik"],"_links":{"self":[{"href":"https:\/\/www.logisticssthlm.se\/sv\/wp-json\/wp\/v2\/posts\/20350","targetHints":{"allow":["GET"]}}],"collection":[{"href":"https:\/\/www.logisticssthlm.se\/sv\/wp-json\/wp\/v2\/posts"}],"about":[{"href":"https:\/\/www.logisticssthlm.se\/sv\/wp-json\/wp\/v2\/types\/post"}],"author":[{"embeddable":true,"href":"https:\/\/www.logisticssthlm.se\/sv\/wp-json\/wp\/v2\/users\/868"}],"replies":[{"embeddable":true,"href":"https:\/\/www.logisticssthlm.se\/sv\/wp-json\/wp\/v2\/comments?post=20350"}],"version-history":[{"count":5,"href":"https:\/\/www.logisticssthlm.se\/sv\/wp-json\/wp\/v2\/posts\/20350\/revisions"}],"predecessor-version":[{"id":20460,"href":"https:\/\/www.logisticssthlm.se\/sv\/wp-json\/wp\/v2\/posts\/20350\/revisions\/20460"}],"wp:featuredmedia":[{"embeddable":true,"href":"https:\/\/www.logisticssthlm.se\/sv\/wp-json\/wp\/v2\/media\/20455"}],"wp:attachment":[{"href":"https:\/\/www.logisticssthlm.se\/sv\/wp-json\/wp\/v2\/media?parent=20350"}],"wp:term":[{"taxonomy":"category","embeddable":true,"href":"https:\/\/www.logisticssthlm.se\/sv\/wp-json\/wp\/v2\/categories?post=20350"},{"taxonomy":"post_tag","embeddable":true,"href":"https:\/\/www.logisticssthlm.se\/sv\/wp-json\/wp\/v2\/tags?post=20350"},{"taxonomy":"edition","embeddable":true,"href":"https:\/\/www.logisticssthlm.se\/sv\/wp-json\/wp\/v2\/edition?post=20350"}],"curies":[{"name":"wp","href":"https:\/\/api.w.org\/{rel}","templated":true}]}}